{"id":3833,"date":"2026-08-19T09:20:15","date_gmt":"2026-08-19T12:20:15","guid":{"rendered":"https:\/\/www.rode-ti.com.br\/blog\/?p=3833"},"modified":"2026-08-19T09:20:17","modified_gmt":"2026-08-19T12:20:17","slug":"projeto-de-cabine-primaria-do-plano-a-execucao","status":"publish","type":"post","link":"https:\/\/www.rode-ti.com.br\/blog\/projeto-de-cabine-primaria-do-plano-a-execucao\/","title":{"rendered":"Projeto de cabine prim\u00e1ria: como funciona do plano \u00e0 execu\u00e7\u00e3o"},"content":{"rendered":"<span class=\"span-reading-time rt-reading-time\" style=\"display: block;\"><span class=\"rt-label rt-prefix\">Tempo de leitura:<\/span> <span class=\"rt-time\"> 7<\/span> <span class=\"rt-label rt-postfix\">minutos<\/span><\/span>\n<p class=\"has-medium-font-size wp-block-paragraph\"><strong>Veja como funciona um projeto de cabine prim\u00e1ria, do dimensionamento e aprova\u00e7\u00e3o \u00e0 execu\u00e7\u00e3o, testes e energiza\u00e7\u00e3o.<\/strong><\/p>\n\n\n\n<p class=\"wp-block-paragraph\">O <strong>projeto de cabine prim\u00e1ria<\/strong> define como uma empresa, ind\u00fastria ou empreendimento ser\u00e1 atendido em m\u00e9dia tens\u00e3o. \u00c9 nessa fase que entram c\u00e1lculos, equipamentos, prote\u00e7\u00f5es, aterramento, layout e toda a documenta\u00e7\u00e3o necess\u00e1ria para que a instala\u00e7\u00e3o funcione com seguran\u00e7a.<\/p>\n\n\n\n<p class=\"wp-block-paragraph\">E vale olhar para isso com cuidado desde o come\u00e7o. Uma cabine subdimensionada pode limitar uma expans\u00e3o futura. J\u00e1 uma solu\u00e7\u00e3o acima da necessidade pode aumentar o investimento sem trazer ganho real para a opera\u00e7\u00e3o.<\/p>\n\n\n\n<p class=\"wp-block-paragraph\">Por isso, o projeto precisa partir da rotina do empreendimento: o que funciona hoje, quais cargas ser\u00e3o instaladas e o que pode mudar nos pr\u00f3ximos anos.<\/p>\n\n\n\n<ul class=\"wp-block-list\">\n<li><a href=\"https:\/\/www.rode-ti.com.br\/blog\/manutencao-de-spda-o-que-e-e-por-que-e-necessaria\/\">Manuten\u00e7\u00e3o de SPDA: o que \u00e9 e por que ela \u00e9 necess\u00e1ria<\/a><\/li>\n<\/ul>\n\n\n\n<h2 class=\"wp-block-heading\"><strong>O que \u00e9 um projeto de cabine prim\u00e1ria?<\/strong><\/h2>\n\n\n\n<p class=\"wp-block-paragraph\">A cabine prim\u00e1ria faz parte da entrada de energia de instala\u00e7\u00f5es atendidas em m\u00e9dia tens\u00e3o. Ela re\u00fane equipamentos respons\u00e1veis por fun\u00e7\u00f5es como prote\u00e7\u00e3o, medi\u00e7\u00e3o, seccionamento e transforma\u00e7\u00e3o da energia antes da distribui\u00e7\u00e3o interna.<\/p>\n\n\n\n<p class=\"wp-block-paragraph\">Na pr\u00e1tica, o <strong>projeto de cabine prim\u00e1ria<\/strong> mostra como essa estrutura ser\u00e1 montada. Ele define equipamentos, capacidade, posicionamento, prote\u00e7\u00f5es e condi\u00e7\u00f5es t\u00e9cnicas para que a cabine seja executada e posteriormente energizada.<\/p>\n\n\n\n<p class=\"wp-block-paragraph\">Esse planejamento precisa considerar tanto a demanda el\u00e9trica quanto as caracter\u00edsticas f\u00edsicas do im\u00f3vel. Espa\u00e7o dispon\u00edvel, acesso para manuten\u00e7\u00e3o, localiza\u00e7\u00e3o dos equipamentos e infraestrutura existente influenciam diretamente na solu\u00e7\u00e3o.<\/p>\n\n\n\n<p class=\"wp-block-paragraph\"><strong>O ponto de partida \u00e9 simples: entender a necessidade real da opera\u00e7\u00e3o antes de escolher equipamentos.<\/strong><\/p>\n\n\n\n<h2 class=\"wp-block-heading\"><strong>Como funciona o projeto de cabine prim\u00e1ria?<\/strong><\/h2>\n\n\n\n<p class=\"wp-block-paragraph\">O processo come\u00e7a com um levantamento t\u00e9cnico. A equipe analisa as cargas existentes ou previstas, a demanda estimada, o perfil de funcionamento da empresa e poss\u00edveis expans\u00f5es.<\/p>\n\n\n\n<p class=\"wp-block-paragraph\">Depois disso, come\u00e7am os c\u00e1lculos e o dimensionamento. \u00c9 nessa fase que s\u00e3o definidos transformadores, cabos, dispositivos de prote\u00e7\u00e3o, sistema de aterramento, medi\u00e7\u00e3o e outros componentes necess\u00e1rios.<\/p>\n\n\n\n<p class=\"wp-block-paragraph\">O projeto tamb\u00e9m precisa considerar os padr\u00f5es da concession\u00e1ria respons\u00e1vel pelo fornecimento. Cada distribuidora pode estabelecer procedimentos pr\u00f3prios para an\u00e1lise, documenta\u00e7\u00e3o, vistoria e energiza\u00e7\u00e3o.<\/p>\n\n\n\n<p class=\"wp-block-paragraph\">De forma geral, o trabalho passa por estas etapas:<\/p>\n\n\n\n<ol class=\"wp-block-list\">\n<li><strong>Levantamento da instala\u00e7\u00e3o:<\/strong> cargas, demanda, espa\u00e7o f\u00edsico e condi\u00e7\u00f5es da entrada de energia.<\/li>\n\n\n\n<li><strong>Dimensionamento:<\/strong> defini\u00e7\u00e3o de transformadores, cabos, prote\u00e7\u00e3o, medi\u00e7\u00e3o e aterramento.<\/li>\n\n\n\n<li><strong>Elabora\u00e7\u00e3o do projeto:<\/strong> plantas, diagramas, memoriais e documenta\u00e7\u00e3o t\u00e9cnica.<\/li>\n\n\n\n<li><strong>An\u00e1lise da concession\u00e1ria:<\/strong> envio do projeto e atendimento a eventuais solicita\u00e7\u00f5es.<\/li>\n\n\n\n<li><strong>Execu\u00e7\u00e3o e comissionamento:<\/strong> montagem, testes, vistoria e prepara\u00e7\u00e3o para energiza\u00e7\u00e3o.<\/li>\n<\/ol>\n\n\n\n<p class=\"wp-block-paragraph\">Essa sequ\u00eancia ajuda a evitar um problema comum em obras el\u00e9tricas: come\u00e7ar a executar antes de todas as condi\u00e7\u00f5es t\u00e9cnicas estarem definidas.<\/p>\n\n\n\n<h2 class=\"wp-block-heading\"><strong>O planejamento come\u00e7a pela demanda el\u00e9trica<\/strong><\/h2>\n\n\n\n<p class=\"wp-block-paragraph\">Antes de pensar no transformador, \u00e9 preciso saber quanta energia a opera\u00e7\u00e3o precisa.<\/p>\n\n\n\n<p class=\"wp-block-paragraph\">Parece b\u00e1sico, mas essa etapa exige aten\u00e7\u00e3o. Uma ind\u00fastria, por exemplo, pode ter motores, sistemas de climatiza\u00e7\u00e3o, m\u00e1quinas de produ\u00e7\u00e3o, bombas, compressores e equipamentos que n\u00e3o funcionam todos ao mesmo tempo.<\/p>\n\n\n\n<p class=\"wp-block-paragraph\">Por isso, olhar apenas para a soma das pot\u00eancias instaladas n\u00e3o conta toda a hist\u00f3ria. O projeto precisa considerar a demanda real, a simultaneidade das cargas e o comportamento da opera\u00e7\u00e3o.<\/p>\n\n\n\n<p class=\"wp-block-paragraph\">Tamb\u00e9m vale colocar o crescimento da empresa nessa conta. <strong>Se existe uma expans\u00e3o prevista, ela deve entrar no planejamento desde o in\u00edcio.<\/strong><\/p>\n\n\n\n<p class=\"wp-block-paragraph\">Isso reduz a chance de a cabine precisar passar por uma nova interven\u00e7\u00e3o pouco tempo depois da entrega.<\/p>\n\n\n\n<h2 class=\"wp-block-heading\"><strong>O que deve constar em um projeto de cabine prim\u00e1ria?<\/strong><\/h2>\n\n\n\n<p class=\"wp-block-paragraph\">A documenta\u00e7\u00e3o pode mudar conforme a concession\u00e1ria e as caracter\u00edsticas da instala\u00e7\u00e3o. Ainda assim, alguns itens aparecem com frequ\u00eancia em projetos de m\u00e9dia tens\u00e3o.<\/p>\n\n\n\n<p class=\"wp-block-paragraph\">Entre eles est\u00e3o:<\/p>\n\n\n\n<ul class=\"wp-block-list\">\n<li>planta de situa\u00e7\u00e3o e localiza\u00e7\u00e3o da cabine;<\/li>\n\n\n\n<li>diagrama unifilar;<\/li>\n\n\n\n<li>plantas e cortes;<\/li>\n\n\n\n<li>especifica\u00e7\u00e3o dos equipamentos;<\/li>\n\n\n\n<li>memorial de c\u00e1lculo da demanda;<\/li>\n\n\n\n<li>memorial de aterramento;<\/li>\n\n\n\n<li>estudo e ajuste das prote\u00e7\u00f5es;<\/li>\n\n\n\n<li>rela\u00e7\u00e3o das cargas;<\/li>\n\n\n\n<li>documentos de responsabilidade t\u00e9cnica.<\/li>\n<\/ul>\n\n\n\n<p class=\"wp-block-paragraph\">O <strong>diagrama unifilar<\/strong> \u00e9 uma das pe\u00e7as mais importantes. Ele apresenta de forma resumida como os principais componentes do sistema el\u00e9trico est\u00e3o conectados.<\/p>\n\n\n\n<p class=\"wp-block-paragraph\">J\u00e1 os memoriais mostram como as decis\u00f5es t\u00e9cnicas foram calculadas. Demanda, prote\u00e7\u00e3o e aterramento precisam ter crit\u00e9rios claros, principalmente porque esses documentos podem ser avaliados pela concession\u00e1ria.<\/p>\n\n\n\n<p class=\"wp-block-paragraph\">O projeto tamb\u00e9m precisa representar aquilo que realmente ser\u00e1 executado. Mudan\u00e7as feitas durante a obra podem exigir revis\u00e3o dos documentos e, dependendo do caso, nova an\u00e1lise.<\/p>\n\n\n\n<ul class=\"wp-block-list\">\n<li><a href=\"https:\/\/www.rode-ti.com.br\/blog\/infraestrutura-de-rede-corporativa-quanto-custa-e-o-que-impacta-no-valor\/\">Projeto de infraestrutura de rede corporativa: quanto custa e o que impacta no valor<\/a><\/li>\n<\/ul>\n\n\n\n<h2 class=\"wp-block-heading\"><strong>Como \u00e9 feito o dimensionamento da cabine?<\/strong><\/h2>\n\n\n\n<p class=\"wp-block-paragraph\">O dimensionamento parte da demanda calculada e das caracter\u00edsticas da instala\u00e7\u00e3o.<\/p>\n\n\n\n<p class=\"wp-block-paragraph\">O transformador recebe bastante aten\u00e7\u00e3o, mas ele \u00e9 apenas uma parte do sistema. Cabos, disjuntores, chaves, rel\u00e9s, aterramento, pain\u00e9is e equipamentos de medi\u00e7\u00e3o tamb\u00e9m precisam ser compat\u00edveis com a solu\u00e7\u00e3o.<\/p>\n\n\n\n<p class=\"wp-block-paragraph\">Outro ponto importante \u00e9 a prote\u00e7\u00e3o el\u00e9trica. Os dispositivos devem atuar de forma coordenada para identificar e interromper falhas sem desligar partes desnecess\u00e1rias da instala\u00e7\u00e3o.<\/p>\n\n\n\n<p class=\"wp-block-paragraph\">Esse estudo ganha ainda mais import\u00e2ncia em opera\u00e7\u00f5es industriais, onde uma parada el\u00e9trica pode afetar linhas de produ\u00e7\u00e3o inteiras.<\/p>\n\n\n\n<p class=\"wp-block-paragraph\"><strong>Cada equipamento precisa conversar com o restante do sistema.<\/strong> \u00c9 por isso que copiar uma cabine existente de outro empreendimento raramente funciona bem.<\/p>\n\n\n\n<h2 class=\"wp-block-heading\"><strong>Quais normas devem ser consideradas em um projeto de cabine prim\u00e1ria?<\/strong><\/h2>\n\n\n\n<p class=\"wp-block-paragraph\">O projeto deve observar as normas t\u00e9cnicas aplic\u00e1veis, as regras de seguran\u00e7a e os padr\u00f5es da distribuidora respons\u00e1vel pela regi\u00e3o.<\/p>\n\n\n\n<p class=\"wp-block-paragraph\">Uma das principais refer\u00eancias para instala\u00e7\u00f5es de m\u00e9dia tens\u00e3o \u00e9 a <strong>ABNT NBR 14039<\/strong>, que trata das instala\u00e7\u00f5es el\u00e9tricas de m\u00e9dia tens\u00e3o.<\/p>\n\n\n\n<p class=\"wp-block-paragraph\">Tamb\u00e9m deve ser considerada a <strong>NR-10<\/strong>, voltada \u00e0 seguran\u00e7a em instala\u00e7\u00f5es e servi\u00e7os com eletricidade.<\/p>\n\n\n\n<p class=\"wp-block-paragraph\">Vale consultar as fontes oficiais durante o desenvolvimento do projeto:<\/p>\n\n\n\n<ul class=\"wp-block-list\">\n<li><a href=\"https:\/\/www.gov.br\/trabalho-e-emprego\/pt-br\/acesso-a-informacao\/participacao-social\/conselhos-e-orgaos-colegiados\/comissao-tripartite-partitaria-permanente\/normas-regulamentadora\/normas-regulamentadoras-vigentes\/norma-regulamentadora-no-10-nr-10\">NR-10 no Minist\u00e9rio do Trabalho e Emprego<\/a><\/li>\n\n\n\n<li><a href=\"https:\/\/www.gov.br\/aneel\/pt-br\/centrais-de-conteudos\/procedimentos-regulatorios\/prodist\">PRODIST da ANEEL<\/a><\/li>\n\n\n\n<li><a href=\"https:\/\/www.enel.com.br\/pt-saopaulo\/normas-tecnicas.html\">Normas t\u00e9cnicas da Enel S\u00e3o Paulo<\/a><\/li>\n\n\n\n<li><a href=\"https:\/\/www.abntcatalogo.com.br\/\">Cat\u00e1logo oficial da ABNT<\/a><\/li>\n<\/ul>\n\n\n\n<p class=\"wp-block-paragraph\">As exig\u00eancias podem mudar de acordo com a \u00e1rea de concess\u00e3o. Por isso, o padr\u00e3o t\u00e9cnico da distribuidora local precisa fazer parte da an\u00e1lise desde as primeiras etapas.<\/p>\n\n\n\n<h2 class=\"wp-block-heading\"><strong>Como funciona a aprova\u00e7\u00e3o junto \u00e0 concession\u00e1ria?<\/strong><\/h2>\n\n\n\n<p class=\"wp-block-paragraph\">Quando a instala\u00e7\u00e3o exige an\u00e1lise da concession\u00e1ria, o projeto t\u00e9cnico \u00e9 enviado com a documenta\u00e7\u00e3o prevista no padr\u00e3o de atendimento.<\/p>\n\n\n\n<p class=\"wp-block-paragraph\">A distribuidora verifica se a solu\u00e7\u00e3o proposta atende aos crit\u00e9rios t\u00e9cnicos para conex\u00e3o. Se algum item precisar ser ajustado, o projeto retorna para revis\u00e3o.<\/p>\n\n\n\n<p class=\"wp-block-paragraph\">\u00c9 justamente aqui que um bom levantamento inicial ajuda. Informa\u00e7\u00f5es incorretas sobre demanda, posi\u00e7\u00e3o da cabine, equipamentos ou infraestrutura podem criar v\u00e1rias rodadas de corre\u00e7\u00e3o.<\/p>\n\n\n\n<p class=\"wp-block-paragraph\">Para empresas com data definida para inaugura\u00e7\u00e3o, mudan\u00e7a de endere\u00e7o ou expans\u00e3o da produ\u00e7\u00e3o, esse prazo precisa entrar no cronograma da obra.<\/p>\n\n\n\n<p class=\"wp-block-paragraph\"><strong>Deixar a concession\u00e1ria para o fim pode atrasar a energiza\u00e7\u00e3o de toda a opera\u00e7\u00e3o.<\/strong><\/p>\n\n\n\n<h2 class=\"wp-block-heading\"><strong>Como acontece a execu\u00e7\u00e3o da cabine prim\u00e1ria?<\/strong><\/h2>\n\n\n\n<p class=\"wp-block-paragraph\">Com o projeto definido e as libera\u00e7\u00f5es necess\u00e1rias, come\u00e7a a implanta\u00e7\u00e3o.<\/p>\n\n\n\n<p class=\"wp-block-paragraph\">Essa etapa envolve infraestrutura civil, montagem de equipamentos, instala\u00e7\u00e3o de cabos, aterramento, prote\u00e7\u00e3o, pain\u00e9is e demais componentes previstos.<\/p>\n\n\n\n<p class=\"wp-block-paragraph\">Em ambientes corporativos e industriais, a compatibiliza\u00e7\u00e3o com outras disciplinas tamb\u00e9m conta bastante. A cabine precisa conviver com circula\u00e7\u00e3o, sistemas de inc\u00eandio, climatiza\u00e7\u00e3o, redes e outras estruturas da edifica\u00e7\u00e3o.<\/p>\n\n\n\n<p class=\"wp-block-paragraph\">\u00c9 a\u00ed que uma vis\u00e3o integrada da obra ajuda. A RODE Obras Corporativas trabalha justamente com essa l\u00f3gica, conectando estrutura el\u00e9trica, obra civil e infraestrutura t\u00e9cnica dentro do mesmo planejamento.<\/p>\n\n\n\n<p class=\"wp-block-paragraph\">Durante a execu\u00e7\u00e3o, altera\u00e7\u00f5es devem ser avaliadas pela equipe respons\u00e1vel. Uma mudan\u00e7a aparentemente pequena de posi\u00e7\u00e3o ou equipamento pode interferir em dist\u00e2ncias, prote\u00e7\u00e3o, acesso e at\u00e9 na documenta\u00e7\u00e3o j\u00e1 aprovada.<\/p>\n\n\n\n<h2 class=\"wp-block-heading\"><strong>Testes, comissionamento e energiza\u00e7\u00e3o<\/strong><\/h2>\n\n\n\n<p class=\"wp-block-paragraph\">Terminou a instala\u00e7\u00e3o? Ainda falta uma etapa importante.<\/p>\n\n\n\n<p class=\"wp-block-paragraph\">Antes da energiza\u00e7\u00e3o, os sistemas precisam ser verificados e testados. O objetivo \u00e9 confirmar se a montagem est\u00e1 de acordo com o projeto e se os equipamentos est\u00e3o prontos para operar.<\/p>\n\n\n\n<p class=\"wp-block-paragraph\">O comissionamento pode incluir verifica\u00e7\u00f5es das prote\u00e7\u00f5es, aterramento, conex\u00f5es, equipamentos e demais elementos definidos no escopo.<\/p>\n\n\n\n<p class=\"wp-block-paragraph\">Depois, entram os procedimentos da concession\u00e1ria para vistoria e energiza\u00e7\u00e3o, quando aplic\u00e1veis.<\/p>\n\n\n\n<p class=\"wp-block-paragraph\">Essa fase tamb\u00e9m deve terminar com a documenta\u00e7\u00e3o organizada. <strong>Diagramas, memoriais, relat\u00f3rios e registros t\u00e9cnicos ser\u00e3o \u00fateis na manuten\u00e7\u00e3o e em futuras amplia\u00e7\u00f5es.<\/strong><\/p>\n\n\n\n<h2 class=\"wp-block-heading\"><strong>Quando s\u00e3o necess\u00e1rias adequa\u00e7\u00f5es de cabines prim\u00e1rias?<\/strong><\/h2>\n\n\n\n<p class=\"wp-block-paragraph\">Nem toda cabine precisa ser constru\u00edda do zero.<\/p>\n\n\n\n<p class=\"wp-block-paragraph\">As <strong>adequa\u00e7\u00f5es de cabines prim\u00e1rias<\/strong> aparecem principalmente quando uma instala\u00e7\u00e3o existente j\u00e1 n\u00e3o atende \u00e0s condi\u00e7\u00f5es atuais da opera\u00e7\u00e3o ou precisa acompanhar alguma mudan\u00e7a.<\/p>\n\n\n\n<p class=\"wp-block-paragraph\">Alguns exemplos s\u00e3o aumento de carga, expans\u00e3o da empresa, troca de transformadores, moderniza\u00e7\u00e3o de equipamentos ou revis\u00e3o das prote\u00e7\u00f5es.<\/p>\n\n\n\n<p class=\"wp-block-paragraph\">Antes de substituir componentes, o ideal \u00e9 fazer um diagn\u00f3stico. Essa an\u00e1lise mostra o que pode continuar em uso e o que realmente precisa ser alterado.<\/p>\n\n\n\n<p class=\"wp-block-paragraph\">No caso de aumento de carga, a concession\u00e1ria tamb\u00e9m pode exigir nova documenta\u00e7\u00e3o e revis\u00e3o das condi\u00e7\u00f5es de atendimento.<\/p>\n\n\n\n<h2 class=\"wp-block-heading\"><strong>Como escolher uma empresa de projeto de cabine prim\u00e1ria?<\/strong><\/h2>\n\n\n\n<p class=\"wp-block-paragraph\">Uma <strong>empresa de projeto de cabine prim\u00e1ria<\/strong> precisa entender tanto a parte t\u00e9cnica quanto o funcionamento do empreendimento.<\/p>\n\n\n\n<p class=\"wp-block-paragraph\">Isso significa levantar a demanda corretamente, desenvolver a documenta\u00e7\u00e3o, acompanhar a interface com a concession\u00e1ria e manter o projeto alinhado com a execu\u00e7\u00e3o.<\/p>\n\n\n\n<p class=\"wp-block-paragraph\">Antes de contratar, vale avaliar:<\/p>\n\n\n\n<ul class=\"wp-block-list\">\n<li>experi\u00eancia com m\u00e9dia tens\u00e3o;<\/li>\n\n\n\n<li>profissionais legalmente habilitados;<\/li>\n\n\n\n<li>conhecimento dos padr\u00f5es da concession\u00e1ria;<\/li>\n\n\n\n<li>capacidade de realizar levantamento e dimensionamento;<\/li>\n\n\n\n<li>suporte durante aprova\u00e7\u00e3o e execu\u00e7\u00e3o;<\/li>\n\n\n\n<li>experi\u00eancia com testes e comissionamento;<\/li>\n\n\n\n<li>integra\u00e7\u00e3o com outras disciplinas da obra.<\/li>\n<\/ul>\n\n\n\n<p class=\"wp-block-paragraph\">Tamb\u00e9m \u00e9 importante comparar escopos. Uma proposta pode contemplar apenas desenhos. Outra pode incluir c\u00e1lculos, memoriais, aprova\u00e7\u00e3o, acompanhamento de obra e testes.<\/p>\n\n\n\n<p class=\"wp-block-paragraph\">Para o cliente, saber exatamente o que est\u00e1 inclu\u00eddo evita surpresas no meio do projeto.<\/p>\n\n\n\n<h2 class=\"wp-block-heading\"><strong>Projeto de cabine prim\u00e1ria come\u00e7a com um bom diagn\u00f3stico<\/strong><\/h2>\n\n\n\n<p class=\"wp-block-paragraph\">O <strong>projeto de cabine prim\u00e1ria<\/strong> precisa responder a uma pergunta pr\u00e1tica: qual estrutura el\u00e9trica essa opera\u00e7\u00e3o precisa para funcionar hoje e continuar funcionando quando crescer?<\/p>\n\n\n\n<p class=\"wp-block-paragraph\">A resposta vem do levantamento da demanda, do dimensionamento correto, do atendimento \u00e0s normas e da compatibiliza\u00e7\u00e3o com o restante da obra.<\/p>\n\n\n\n<p class=\"wp-block-paragraph\">Quando essas etapas s\u00e3o bem conduzidas, a execu\u00e7\u00e3o fica mais previs\u00edvel e as chances de retrabalho diminuem.<\/p>\n\n\n\n<p class=\"wp-block-paragraph\">A RODE Obras Corporativas atua com <strong>projetos e adequa\u00e7\u00f5es de cabines prim\u00e1rias, aumento de carga, estrutura el\u00e9trica em baixa e m\u00e9dia tens\u00e3o, interface t\u00e9cnica e execu\u00e7\u00e3o<\/strong>, integrando essas solu\u00e7\u00f5es \u00e0s demais necessidades da infraestrutura corporativa.<\/p>\n\n\n\n<ul class=\"wp-block-list\">\n<li><a href=\"https:\/\/www.rode-ti.com.br\/blog\/projetos-corporativos-para-bancos\/\">Projetos corporativos para bancos sob medida e sem riscos<\/a><\/li>\n<\/ul>\n\n\n\n<h2 class=\"wp-block-heading\"><strong>Perguntas frequentes sobre projeto de cabine prim\u00e1ria<\/strong><\/h2>\n\n\n\n<h3 class=\"wp-block-heading\"><strong>O que \u00e9 um projeto de cabine prim\u00e1ria?<\/strong><\/h3>\n\n\n\n<p class=\"wp-block-paragraph\">\u00c9 o conjunto de estudos, c\u00e1lculos, plantas e documentos que define como ser\u00e1 implantada ou adequada a entrada de energia em m\u00e9dia tens\u00e3o de uma instala\u00e7\u00e3o.<\/p>\n\n\n\n<h3 class=\"wp-block-heading\"><strong>Quem pode fazer um projeto de cabine prim\u00e1ria?<\/strong><\/h3>\n\n\n\n<p class=\"wp-block-paragraph\">O projeto deve ser desenvolvido por profissional legalmente habilitado e dentro de suas atribui\u00e7\u00f5es t\u00e9cnicas, com os documentos de responsabilidade profissional aplic\u00e1veis.<\/p>\n\n\n\n<h3 class=\"wp-block-heading\"><strong>O projeto precisa ser aprovado pela concession\u00e1ria?<\/strong><\/h3>\n\n\n\n<p class=\"wp-block-paragraph\">Depende do tipo de interven\u00e7\u00e3o e das regras da distribuidora local. Instala\u00e7\u00f5es novas, aumento de carga e determinadas altera\u00e7\u00f5es normalmente precisam seguir procedimentos espec\u00edficos.<\/p>\n\n\n\n<h3 class=\"wp-block-heading\"><strong>Qual norma trata de cabine prim\u00e1ria?<\/strong><\/h3>\n\n\n\n<p class=\"wp-block-paragraph\">A ABNT NBR 14039 \u00e9 uma das principais refer\u00eancias para instala\u00e7\u00f5es el\u00e9tricas de m\u00e9dia tens\u00e3o. A NR-10 tamb\u00e9m deve ser considerada nos aspectos relacionados \u00e0 seguran\u00e7a.<\/p>\n\n\n\n<h3 class=\"wp-block-heading\"><strong>O que deve constar em um projeto de cabine prim\u00e1ria?<\/strong><\/h3>\n\n\n\n<p class=\"wp-block-paragraph\">Normalmente entram plantas, cortes, diagrama unifilar, memoriais de demanda, aterramento e prote\u00e7\u00e3o, especifica\u00e7\u00e3o de equipamentos e documentos t\u00e9cnicos.<\/p>\n\n\n\n<h3 class=\"wp-block-heading\"><strong>Quanto tempo leva um projeto de cabine prim\u00e1ria?<\/strong><\/h3>\n\n\n\n<p class=\"wp-block-paragraph\">O prazo depende da complexidade, da documenta\u00e7\u00e3o dispon\u00edvel, das an\u00e1lises t\u00e9cnicas e do tempo de resposta da concession\u00e1ria.<\/p>\n\n\n\n<h3 class=\"wp-block-heading\"><strong>\u00c9 poss\u00edvel ampliar uma cabine existente?<\/strong><\/h3>\n\n\n\n<p class=\"wp-block-paragraph\">Sim, desde que um estudo t\u00e9cnico confirme a viabilidade. Dependendo do aumento de carga, v\u00e1rios componentes podem precisar ser revistos.<\/p>\n\n\n\n<h3 class=\"wp-block-heading\"><strong>Quando uma cabine precisa de adequa\u00e7\u00e3o?<\/strong><\/h3>\n\n\n\n<p class=\"wp-block-paragraph\">Quando a instala\u00e7\u00e3o deixa de atender \u00e0 demanda atual, passa por expans\u00e3o, recebe novos equipamentos ou precisa atender a requisitos t\u00e9cnicos identificados em avalia\u00e7\u00e3o.<\/p>\n\n\n\n<h3 class=\"wp-block-heading\"><strong>O que acontece antes da energiza\u00e7\u00e3o?<\/strong><\/h3>\n\n\n\n<p class=\"wp-block-paragraph\">A instala\u00e7\u00e3o passa por verifica\u00e7\u00f5es, testes e procedimentos de vistoria previstos para o projeto e para a distribuidora respons\u00e1vel.<\/p>\n\n\n\n<p class=\"wp-block-paragraph\">Sua empresa precisa instalar, ampliar ou adequar uma cabine prim\u00e1ria?<\/p>\n\n\n\n<p class=\"wp-block-paragraph\"><strong>A RODE Obras Corporativas desenvolve projetos de cabine prim\u00e1ria e solu\u00e7\u00f5es para aumento de carga, m\u00e9dia tens\u00e3o e infraestrutura el\u00e9trica corporativa.<\/strong><\/p>\n\n\n\n<p class=\"wp-block-paragraph\"><strong><a href=\"https:\/\/www.rode-ti.com.br\/contato\">Fale com a equipe e apresente as necessidades da sua opera\u00e7\u00e3o <\/a>para avaliar a solu\u00e7\u00e3o t\u00e9cnica mais adequada.<\/strong><\/p>\n\n\n\n<p class=\"wp-block-paragraph\"><\/p>\n","protected":false},"excerpt":{"rendered":"<p><span class=\"span-reading-time rt-reading-time\" style=\"display: block;\"><span class=\"rt-label rt-prefix\">Tempo de leitura:<\/span> <span class=\"rt-time\"> 7<\/span> <span class=\"rt-label rt-postfix\">minutos<\/span><\/span>Veja como funciona um projeto de cabine prim\u00e1ria, do dimensionamento e aprova\u00e7\u00e3o \u00e0 execu\u00e7\u00e3o, testes e energiza\u00e7\u00e3o. O projeto de cabine prim\u00e1ria define como uma empresa, ind\u00fastria ou empreendimento ser\u00e1 atendido em m\u00e9dia tens\u00e3o. \u00c9 nessa fase que entram c\u00e1lculos, equipamentos, prote\u00e7\u00f5es, aterramento, layout e toda a documenta\u00e7\u00e3o necess\u00e1ria para que a instala\u00e7\u00e3o funcione com seguran\u00e7a. E vale olhar para isso com cuidado desde o come\u00e7o. Uma cabine subdimensionada pode limitar uma expans\u00e3o futura. J\u00e1 uma solu\u00e7\u00e3o acima da necessidade pode aumentar o investimento sem trazer ganho real para a opera\u00e7\u00e3o. Por isso, o projeto precisa partir da rotina do empreendimento: o que funciona hoje, quais cargas ser\u00e3o instaladas e o que pode mudar nos pr\u00f3ximos anos. O que \u00e9 um projeto de cabine prim\u00e1ria? A cabine prim\u00e1ria faz parte da entrada de energia de instala\u00e7\u00f5es atendidas em m\u00e9dia tens\u00e3o. Ela re\u00fane equipamentos respons\u00e1veis por fun\u00e7\u00f5es como prote\u00e7\u00e3o, medi\u00e7\u00e3o, seccionamento e transforma\u00e7\u00e3o da energia antes da distribui\u00e7\u00e3o interna. Na pr\u00e1tica, o projeto de cabine prim\u00e1ria mostra como essa estrutura ser\u00e1 montada. Ele define equipamentos, capacidade, posicionamento, prote\u00e7\u00f5es e condi\u00e7\u00f5es t\u00e9cnicas para que a cabine seja executada e posteriormente energizada. Esse planejamento precisa considerar tanto a demanda el\u00e9trica quanto as caracter\u00edsticas f\u00edsicas do im\u00f3vel. Espa\u00e7o dispon\u00edvel, acesso para manuten\u00e7\u00e3o, localiza\u00e7\u00e3o dos equipamentos e infraestrutura existente influenciam diretamente na solu\u00e7\u00e3o. O ponto de partida \u00e9 simples: entender a necessidade real da opera\u00e7\u00e3o antes de escolher equipamentos. Como funciona o projeto de cabine prim\u00e1ria? O processo come\u00e7a com um levantamento t\u00e9cnico. A equipe analisa as cargas existentes ou previstas, a demanda estimada, o perfil de funcionamento da empresa e poss\u00edveis expans\u00f5es. Depois disso, come\u00e7am os c\u00e1lculos e o dimensionamento. \u00c9 nessa fase que s\u00e3o definidos transformadores, cabos, dispositivos de prote\u00e7\u00e3o, sistema de aterramento, medi\u00e7\u00e3o e outros componentes necess\u00e1rios. O projeto tamb\u00e9m precisa considerar os padr\u00f5es da concession\u00e1ria respons\u00e1vel pelo fornecimento. Cada distribuidora pode estabelecer procedimentos pr\u00f3prios para an\u00e1lise, documenta\u00e7\u00e3o, vistoria e energiza\u00e7\u00e3o. De forma geral, o trabalho passa por estas etapas: Essa sequ\u00eancia ajuda a evitar um problema comum em obras el\u00e9tricas: come\u00e7ar a executar antes de todas as condi\u00e7\u00f5es t\u00e9cnicas estarem definidas. O planejamento come\u00e7a pela demanda el\u00e9trica Antes de pensar no transformador, \u00e9 preciso saber quanta energia a opera\u00e7\u00e3o precisa. Parece b\u00e1sico, mas essa etapa exige aten\u00e7\u00e3o. Uma ind\u00fastria, por exemplo, pode ter motores, sistemas de climatiza\u00e7\u00e3o, m\u00e1quinas de produ\u00e7\u00e3o, bombas, compressores e equipamentos que n\u00e3o funcionam todos ao mesmo tempo. Por isso, olhar apenas para a soma das pot\u00eancias instaladas n\u00e3o conta toda a hist\u00f3ria. O projeto precisa considerar a demanda real, a simultaneidade das cargas e o comportamento da opera\u00e7\u00e3o. Tamb\u00e9m vale colocar o crescimento da empresa nessa conta. Se existe uma expans\u00e3o prevista, ela deve entrar no planejamento desde o in\u00edcio. Isso reduz a chance de a cabine precisar passar por uma nova interven\u00e7\u00e3o pouco tempo depois da entrega. O que deve constar em um projeto de cabine prim\u00e1ria? A documenta\u00e7\u00e3o pode mudar conforme a concession\u00e1ria e as caracter\u00edsticas da instala\u00e7\u00e3o. Ainda assim, alguns itens aparecem com frequ\u00eancia em projetos de m\u00e9dia tens\u00e3o. Entre eles est\u00e3o: O diagrama unifilar \u00e9 uma das pe\u00e7as mais importantes. Ele apresenta de forma resumida como os principais componentes do sistema el\u00e9trico est\u00e3o conectados. J\u00e1 os memoriais mostram como as decis\u00f5es t\u00e9cnicas foram calculadas. Demanda, prote\u00e7\u00e3o e aterramento precisam ter crit\u00e9rios claros, principalmente porque esses documentos podem ser avaliados pela concession\u00e1ria. O projeto tamb\u00e9m precisa representar aquilo que realmente ser\u00e1 executado. Mudan\u00e7as feitas durante a obra podem exigir revis\u00e3o dos documentos e, dependendo do caso, nova an\u00e1lise. Como \u00e9 feito o dimensionamento da cabine? O dimensionamento parte da demanda calculada e das caracter\u00edsticas da instala\u00e7\u00e3o. O transformador recebe bastante aten\u00e7\u00e3o, mas ele \u00e9 apenas uma parte do sistema. Cabos, disjuntores, chaves, rel\u00e9s, aterramento, pain\u00e9is e equipamentos de medi\u00e7\u00e3o tamb\u00e9m precisam ser compat\u00edveis com a solu\u00e7\u00e3o. Outro ponto importante \u00e9 a prote\u00e7\u00e3o el\u00e9trica. Os dispositivos devem atuar de forma coordenada para identificar e interromper falhas sem desligar partes desnecess\u00e1rias da instala\u00e7\u00e3o. Esse estudo ganha ainda mais import\u00e2ncia em opera\u00e7\u00f5es industriais, onde uma parada el\u00e9trica pode afetar linhas de produ\u00e7\u00e3o inteiras. Cada equipamento precisa conversar com o restante do sistema. \u00c9 por isso que copiar uma cabine existente de outro empreendimento raramente funciona bem. Quais normas devem ser consideradas em um projeto de cabine prim\u00e1ria? O projeto deve observar as normas t\u00e9cnicas aplic\u00e1veis, as regras de seguran\u00e7a e os padr\u00f5es da distribuidora respons\u00e1vel pela regi\u00e3o. Uma das principais refer\u00eancias para instala\u00e7\u00f5es de m\u00e9dia tens\u00e3o \u00e9 a ABNT NBR 14039, que trata das instala\u00e7\u00f5es el\u00e9tricas de m\u00e9dia tens\u00e3o. Tamb\u00e9m deve ser considerada a NR-10, voltada \u00e0 seguran\u00e7a em instala\u00e7\u00f5es e servi\u00e7os com eletricidade. Vale consultar as fontes oficiais durante o desenvolvimento do projeto: As exig\u00eancias podem mudar de acordo com a \u00e1rea de concess\u00e3o. Por isso, o padr\u00e3o t\u00e9cnico da distribuidora local precisa fazer parte da an\u00e1lise desde as primeiras etapas. Como funciona a aprova\u00e7\u00e3o junto \u00e0 concession\u00e1ria? Quando a instala\u00e7\u00e3o exige an\u00e1lise da concession\u00e1ria, o projeto t\u00e9cnico \u00e9 enviado com a documenta\u00e7\u00e3o prevista no padr\u00e3o de atendimento. A distribuidora verifica se a solu\u00e7\u00e3o proposta atende aos crit\u00e9rios t\u00e9cnicos para conex\u00e3o. Se algum item precisar ser ajustado, o projeto retorna para revis\u00e3o. \u00c9 justamente aqui que um bom levantamento inicial ajuda. Informa\u00e7\u00f5es incorretas sobre demanda, posi\u00e7\u00e3o da cabine, equipamentos ou infraestrutura podem criar v\u00e1rias rodadas de corre\u00e7\u00e3o. Para empresas com data definida para inaugura\u00e7\u00e3o, mudan\u00e7a de endere\u00e7o ou expans\u00e3o da produ\u00e7\u00e3o, esse prazo precisa entrar no cronograma da obra. Deixar a concession\u00e1ria para o fim pode atrasar a energiza\u00e7\u00e3o de toda a opera\u00e7\u00e3o. Como acontece a execu\u00e7\u00e3o da cabine prim\u00e1ria? Com o projeto definido e as libera\u00e7\u00f5es necess\u00e1rias, come\u00e7a a implanta\u00e7\u00e3o. Essa etapa envolve infraestrutura civil, montagem de equipamentos, instala\u00e7\u00e3o de cabos, aterramento, prote\u00e7\u00e3o, pain\u00e9is e demais componentes previstos. Em ambientes corporativos e industriais, a compatibiliza\u00e7\u00e3o com outras disciplinas tamb\u00e9m conta bastante. A cabine precisa conviver com circula\u00e7\u00e3o, sistemas de inc\u00eandio, climatiza\u00e7\u00e3o, redes e outras estruturas da edifica\u00e7\u00e3o. \u00c9 a\u00ed que uma vis\u00e3o integrada da obra ajuda. A RODE Obras Corporativas trabalha justamente com essa<\/p>\n","protected":false},"author":1,"featured_media":3834,"comment_status":"open","ping_status":"open","sticky":false,"template":"","format":"standard","meta":{"footnotes":""},"categories":[4102],"tags":[4116,4115,4107,4123,4112,4110,4104,4126,4132,4134,4114,4131,4119,4111,4106,4129,4113,4118,4122,4130,4120,4103,4109,4128,4105,4108,3769,4121,4135,4136,4127,4133,4124,4125,4117],"class_list":["post-3833","post","type-post","status-publish","format-standard","has-post-thumbnail","hentry","category-cabine-primaria","tag-abnt-nbr-14039","tag-adequacao-de-cabine-primaria","tag-adequacoes-de-cabines-primarias","tag-aterramento-de-cabine-primaria","tag-aumento-de-carga-eletrica","tag-cabine-primaria","tag-cabine-primaria-media-tensao","tag-como-dimensionar-uma-cabine-primaria","tag-como-escolher-empresa-de-projeto-de-cabine-primaria","tag-como-fazer-aumento-de-carga-em-cabine-primaria","tag-como-funciona-um-projeto-de-cabine-primaria","tag-como-funciona-uma-cabine-primaria","tag-diagrama-unifilar-cabine-primaria","tag-dimensionamento-de-cabine-primaria","tag-empresa-de-projeto-de-cabine-primaria","tag-execucao-de-cabine-primaria","tag-normas-para-cabine-primaria","tag-nr-10-cabine-primaria","tag-o-que-deve-constar-em-um-projeto-de-cabine-primaria","tag-o-que-e-necessario-para-energizar-uma-cabine-primaria","tag-o-que-e-projeto-de-cabine-primaria","tag-projeto-de-cabine-primaria","tag-projeto-de-cabine-primaria-industrial","tag-projeto-de-cabine-primaria-precisa-de-aprovacao","tag-projeto-de-media-tensao","tag-projeto-eletrico-de-cabine-primaria","tag-projeto-eletrico-industrial","tag-protecao-de-media-tensao","tag-quais-documentos-sao-necessarios-para-cabine-primaria","tag-quais-equipamentos-fazem-parte-de-uma-cabine-primaria","tag-quais-normas-devem-ser-consideradas-em-um-projeto-de-cabine-primaria","tag-quando-adequar-uma-cabine-primaria","tag-quando-instalar-uma-cabine-primaria","tag-quem-pode-fazer-projeto-de-cabine-primaria","tag-subestacao-de-entrada-de-energia"],"yoast_head":"<!-- This site is optimized with the Yoast SEO plugin v27.2 - https:\/\/yoast.com\/product\/yoast-seo-wordpress\/ -->\n<title>Projeto de cabine prim\u00e1ria: como funciona do plano \u00e0 execu\u00e7\u00e3o - Blog<\/title>\n<meta name=\"description\" content=\"Veja como funciona um projeto de cabine prim\u00e1ria, do dimensionamento e aprova\u00e7\u00e3o \u00e0 execu\u00e7\u00e3o, testes e energiza\u00e7\u00e3o.\" \/>\n<meta name=\"robots\" content=\"index, follow, max-snippet:-1, max-image-preview:large, max-video-preview:-1\" \/>\n<link rel=\"canonical\" href=\"https:\/\/www.rode-ti.com.br\/blog\/projeto-de-cabine-primaria-do-plano-a-execucao\/\" \/>\n<meta property=\"og:locale\" content=\"pt_BR\" \/>\n<meta property=\"og:type\" content=\"article\" \/>\n<meta property=\"og:title\" content=\"Projeto de cabine prim\u00e1ria: como funciona do plano \u00e0 execu\u00e7\u00e3o - Blog\" \/>\n<meta property=\"og:description\" content=\"Veja como funciona um projeto de cabine prim\u00e1ria, do dimensionamento e aprova\u00e7\u00e3o \u00e0 execu\u00e7\u00e3o, testes e energiza\u00e7\u00e3o.\" \/>\n<meta property=\"og:url\" content=\"https:\/\/www.rode-ti.com.br\/blog\/projeto-de-cabine-primaria-do-plano-a-execucao\/\" \/>\n<meta property=\"og:site_name\" content=\"Blog\" \/>\n<meta property=\"article:published_time\" content=\"2026-08-19T12:20:15+00:00\" \/>\n<meta property=\"article:modified_time\" content=\"2026-08-19T12:20:17+00:00\" \/>\n<meta property=\"og:image\" content=\"https:\/\/www.rode-ti.com.br\/blog\/wp-content\/uploads\/2026\/08\/ChatGPT-Image-19-de-ago.-de-2026-09_21_20.jpg\" \/>\n\t<meta property=\"og:image:width\" content=\"836\" \/>\n\t<meta property=\"og:image:height\" content=\"471\" \/>\n\t<meta property=\"og:image:type\" content=\"image\/jpeg\" \/>\n<meta name=\"author\" content=\"admin\" \/>\n<meta name=\"twitter:card\" content=\"summary_large_image\" \/>\n<meta name=\"twitter:label1\" content=\"Escrito por\" \/>\n\t<meta name=\"twitter:data1\" content=\"admin\" \/>\n\t<meta name=\"twitter:label2\" content=\"Est. tempo de leitura\" \/>\n\t<meta name=\"twitter:data2\" content=\"11 minutos\" \/>\n<script type=\"application\/ld+json\" class=\"yoast-schema-graph\">{\"@context\":\"https:\/\/schema.org\",\"@graph\":[{\"@type\":\"Article\",\"@id\":\"https:\/\/www.rode-ti.com.br\/blog\/projeto-de-cabine-primaria-do-plano-a-execucao\/#article\",\"isPartOf\":{\"@id\":\"https:\/\/www.rode-ti.com.br\/blog\/projeto-de-cabine-primaria-do-plano-a-execucao\/\"},\"author\":{\"name\":\"admin\",\"@id\":\"https:\/\/www.rode-ti.com.br\/blog\/#\/schema\/person\/63e114122492f352fb5a37bcb6bfda0d\"},\"headline\":\"Projeto de cabine prim\u00e1ria: como funciona do plano \u00e0 execu\u00e7\u00e3o\",\"datePublished\":\"2026-08-19T12:20:15+00:00\",\"dateModified\":\"2026-08-19T12:20:17+00:00\",\"mainEntityOfPage\":{\"@id\":\"https:\/\/www.rode-ti.com.br\/blog\/projeto-de-cabine-primaria-do-plano-a-execucao\/\"},\"wordCount\":2279,\"commentCount\":0,\"publisher\":{\"@id\":\"https:\/\/www.rode-ti.com.br\/blog\/#organization\"},\"image\":{\"@id\":\"https:\/\/www.rode-ti.com.br\/blog\/projeto-de-cabine-primaria-do-plano-a-execucao\/#primaryimage\"},\"thumbnailUrl\":\"https:\/\/www.rode-ti.com.br\/blog\/wp-content\/uploads\/2026\/08\/ChatGPT-Image-19-de-ago.-de-2026-09_21_20.jpg\",\"keywords\":[\"ABNT NBR 14039\",\"adequa\u00e7\u00e3o de cabine prim\u00e1ria\",\"adequa\u00e7\u00f5es de cabines prim\u00e1rias\",\"aterramento de cabine prim\u00e1ria\",\"aumento de carga el\u00e9trica\",\"cabine prim\u00e1ria\",\"cabine prim\u00e1ria m\u00e9dia tens\u00e3o\",\"como dimensionar uma cabine prim\u00e1ria?\",\"como escolher empresa de projeto de cabine prim\u00e1ria?\",\"como fazer aumento de carga em cabine prim\u00e1ria?\",\"como funciona um projeto de cabine prim\u00e1ria?\",\"como funciona uma cabine prim\u00e1ria?\",\"diagrama unifilar cabine prim\u00e1ria\",\"dimensionamento de cabine prim\u00e1ria\",\"empresa de projeto de cabine prim\u00e1ria\",\"execu\u00e7\u00e3o de cabine prim\u00e1ria\",\"normas para cabine prim\u00e1ria\",\"NR-10 cabine prim\u00e1ria\",\"o que deve constar em um projeto de cabine prim\u00e1ria?\",\"o que \u00e9 necess\u00e1rio para energizar uma cabine prim\u00e1ria?\",\"o que \u00e9 projeto de cabine prim\u00e1ria?\",\"projeto de cabine prim\u00e1ria\",\"projeto de cabine prim\u00e1ria industrial\",\"projeto de cabine prim\u00e1ria precisa de aprova\u00e7\u00e3o?\",\"projeto de m\u00e9dia tens\u00e3o\",\"projeto el\u00e9trico de cabine prim\u00e1ria\",\"projeto el\u00e9trico industrial\",\"prote\u00e7\u00e3o de m\u00e9dia tens\u00e3o\",\"quais documentos s\u00e3o necess\u00e1rios para cabine prim\u00e1ria?\",\"quais equipamentos fazem parte de uma cabine prim\u00e1ria?\",\"quais normas devem ser consideradas em um projeto de cabine prim\u00e1ria?\",\"quando adequar uma cabine prim\u00e1ria?\",\"quando instalar uma cabine prim\u00e1ria?\",\"quem pode fazer projeto de cabine prim\u00e1ria?\",\"subesta\u00e7\u00e3o de entrada de energia\"],\"articleSection\":[\"cabine prim\u00e1ria\"],\"inLanguage\":\"pt-BR\",\"potentialAction\":[{\"@type\":\"CommentAction\",\"name\":\"Comment\",\"target\":[\"https:\/\/www.rode-ti.com.br\/blog\/projeto-de-cabine-primaria-do-plano-a-execucao\/#respond\"]}]},{\"@type\":\"WebPage\",\"@id\":\"https:\/\/www.rode-ti.com.br\/blog\/projeto-de-cabine-primaria-do-plano-a-execucao\/\",\"url\":\"https:\/\/www.rode-ti.com.br\/blog\/projeto-de-cabine-primaria-do-plano-a-execucao\/\",\"name\":\"Projeto de cabine prim\u00e1ria: como funciona do plano \u00e0 execu\u00e7\u00e3o - Blog\",\"isPartOf\":{\"@id\":\"https:\/\/www.rode-ti.com.br\/blog\/#website\"},\"primaryImageOfPage\":{\"@id\":\"https:\/\/www.rode-ti.com.br\/blog\/projeto-de-cabine-primaria-do-plano-a-execucao\/#primaryimage\"},\"image\":{\"@id\":\"https:\/\/www.rode-ti.com.br\/blog\/projeto-de-cabine-primaria-do-plano-a-execucao\/#primaryimage\"},\"thumbnailUrl\":\"https:\/\/www.rode-ti.com.br\/blog\/wp-content\/uploads\/2026\/08\/ChatGPT-Image-19-de-ago.-de-2026-09_21_20.jpg\",\"datePublished\":\"2026-08-19T12:20:15+00:00\",\"dateModified\":\"2026-08-19T12:20:17+00:00\",\"description\":\"Veja como funciona um projeto de cabine prim\u00e1ria, do dimensionamento e aprova\u00e7\u00e3o \u00e0 execu\u00e7\u00e3o, testes e energiza\u00e7\u00e3o.\",\"breadcrumb\":{\"@id\":\"https:\/\/www.rode-ti.com.br\/blog\/projeto-de-cabine-primaria-do-plano-a-execucao\/#breadcrumb\"},\"inLanguage\":\"pt-BR\",\"potentialAction\":[{\"@type\":\"ReadAction\",\"target\":[\"https:\/\/www.rode-ti.com.br\/blog\/projeto-de-cabine-primaria-do-plano-a-execucao\/\"]}]},{\"@type\":\"ImageObject\",\"inLanguage\":\"pt-BR\",\"@id\":\"https:\/\/www.rode-ti.com.br\/blog\/projeto-de-cabine-primaria-do-plano-a-execucao\/#primaryimage\",\"url\":\"https:\/\/www.rode-ti.com.br\/blog\/wp-content\/uploads\/2026\/08\/ChatGPT-Image-19-de-ago.-de-2026-09_21_20.jpg\",\"contentUrl\":\"https:\/\/www.rode-ti.com.br\/blog\/wp-content\/uploads\/2026\/08\/ChatGPT-Image-19-de-ago.-de-2026-09_21_20.jpg\",\"width\":836,\"height\":471,\"caption\":\"Projeto de cabine prim\u00e1ria: como funciona do plano \u00e0 execu\u00e7\u00e3o\"},{\"@type\":\"BreadcrumbList\",\"@id\":\"https:\/\/www.rode-ti.com.br\/blog\/projeto-de-cabine-primaria-do-plano-a-execucao\/#breadcrumb\",\"itemListElement\":[{\"@type\":\"ListItem\",\"position\":1,\"name\":\"In\u00edcio\",\"item\":\"https:\/\/www.rode-ti.com.br\/blog\/\"},{\"@type\":\"ListItem\",\"position\":2,\"name\":\"Projeto de cabine prim\u00e1ria: como funciona do plano \u00e0 execu\u00e7\u00e3o\"}]},{\"@type\":\"WebSite\",\"@id\":\"https:\/\/www.rode-ti.com.br\/blog\/#website\",\"url\":\"https:\/\/www.rode-ti.com.br\/blog\/\",\"name\":\"Blog\",\"description\":\"\",\"publisher\":{\"@id\":\"https:\/\/www.rode-ti.com.br\/blog\/#organization\"},\"potentialAction\":[{\"@type\":\"SearchAction\",\"target\":{\"@type\":\"EntryPoint\",\"urlTemplate\":\"https:\/\/www.rode-ti.com.br\/blog\/?s={search_term_string}\"},\"query-input\":{\"@type\":\"PropertyValueSpecification\",\"valueRequired\":true,\"valueName\":\"search_term_string\"}}],\"inLanguage\":\"pt-BR\"},{\"@type\":\"Organization\",\"@id\":\"https:\/\/www.rode-ti.com.br\/blog\/#organization\",\"name\":\"Blog\",\"url\":\"https:\/\/www.rode-ti.com.br\/blog\/\",\"logo\":{\"@type\":\"ImageObject\",\"inLanguage\":\"pt-BR\",\"@id\":\"https:\/\/www.rode-ti.com.br\/blog\/#\/schema\/logo\/image\/\",\"url\":\"https:\/\/www.rode-ti.com.br\/blog\/wp-content\/uploads\/2026\/03\/logo.webp\",\"contentUrl\":\"https:\/\/www.rode-ti.com.br\/blog\/wp-content\/uploads\/2026\/03\/logo.webp\",\"width\":500,\"height\":201,\"caption\":\"Blog\"},\"image\":{\"@id\":\"https:\/\/www.rode-ti.com.br\/blog\/#\/schema\/logo\/image\/\"}},{\"@type\":\"Person\",\"@id\":\"https:\/\/www.rode-ti.com.br\/blog\/#\/schema\/person\/63e114122492f352fb5a37bcb6bfda0d\",\"name\":\"admin\",\"image\":{\"@type\":\"ImageObject\",\"inLanguage\":\"pt-BR\",\"@id\":\"https:\/\/secure.gravatar.com\/avatar\/d2abb7e535a7590a6f9b76c75c90ec5441db3a04a205e6d66ecabfb80081f172?s=96&d=mm&r=g\",\"url\":\"https:\/\/secure.gravatar.com\/avatar\/d2abb7e535a7590a6f9b76c75c90ec5441db3a04a205e6d66ecabfb80081f172?s=96&d=mm&r=g\",\"contentUrl\":\"https:\/\/secure.gravatar.com\/avatar\/d2abb7e535a7590a6f9b76c75c90ec5441db3a04a205e6d66ecabfb80081f172?s=96&d=mm&r=g\",\"caption\":\"admin\"},\"sameAs\":[\"https:\/\/www.rode-ti.com.br\/blog\"],\"url\":\"https:\/\/www.rode-ti.com.br\/blog\/author\/admin\/\"}]}<\/script>\n<!-- \/ Yoast SEO plugin. -->","yoast_head_json":{"title":"Projeto de cabine prim\u00e1ria: como funciona do plano \u00e0 execu\u00e7\u00e3o - Blog","description":"Veja como funciona um projeto de cabine prim\u00e1ria, do dimensionamento e aprova\u00e7\u00e3o \u00e0 execu\u00e7\u00e3o, testes e energiza\u00e7\u00e3o.","robots":{"index":"index","follow":"follow","max-snippet":"max-snippet:-1","max-image-preview":"max-image-preview:large","max-video-preview":"max-video-preview:-1"},"canonical":"https:\/\/www.rode-ti.com.br\/blog\/projeto-de-cabine-primaria-do-plano-a-execucao\/","og_locale":"pt_BR","og_type":"article","og_title":"Projeto de cabine prim\u00e1ria: como funciona do plano \u00e0 execu\u00e7\u00e3o - Blog","og_description":"Veja como funciona um projeto de cabine prim\u00e1ria, do dimensionamento e aprova\u00e7\u00e3o \u00e0 execu\u00e7\u00e3o, testes e energiza\u00e7\u00e3o.","og_url":"https:\/\/www.rode-ti.com.br\/blog\/projeto-de-cabine-primaria-do-plano-a-execucao\/","og_site_name":"Blog","article_published_time":"2026-08-19T12:20:15+00:00","article_modified_time":"2026-08-19T12:20:17+00:00","og_image":[{"width":836,"height":471,"url":"https:\/\/www.rode-ti.com.br\/blog\/wp-content\/uploads\/2026\/08\/ChatGPT-Image-19-de-ago.-de-2026-09_21_20.jpg","type":"image\/jpeg"}],"author":"admin","twitter_card":"summary_large_image","twitter_misc":{"Escrito por":"admin","Est. tempo de leitura":"11 minutos"},"schema":{"@context":"https:\/\/schema.org","@graph":[{"@type":"Article","@id":"https:\/\/www.rode-ti.com.br\/blog\/projeto-de-cabine-primaria-do-plano-a-execucao\/#article","isPartOf":{"@id":"https:\/\/www.rode-ti.com.br\/blog\/projeto-de-cabine-primaria-do-plano-a-execucao\/"},"author":{"name":"admin","@id":"https:\/\/www.rode-ti.com.br\/blog\/#\/schema\/person\/63e114122492f352fb5a37bcb6bfda0d"},"headline":"Projeto de cabine prim\u00e1ria: como funciona do plano \u00e0 execu\u00e7\u00e3o","datePublished":"2026-08-19T12:20:15+00:00","dateModified":"2026-08-19T12:20:17+00:00","mainEntityOfPage":{"@id":"https:\/\/www.rode-ti.com.br\/blog\/projeto-de-cabine-primaria-do-plano-a-execucao\/"},"wordCount":2279,"commentCount":0,"publisher":{"@id":"https:\/\/www.rode-ti.com.br\/blog\/#organization"},"image":{"@id":"https:\/\/www.rode-ti.com.br\/blog\/projeto-de-cabine-primaria-do-plano-a-execucao\/#primaryimage"},"thumbnailUrl":"https:\/\/www.rode-ti.com.br\/blog\/wp-content\/uploads\/2026\/08\/ChatGPT-Image-19-de-ago.-de-2026-09_21_20.jpg","keywords":["ABNT NBR 14039","adequa\u00e7\u00e3o de cabine prim\u00e1ria","adequa\u00e7\u00f5es de cabines prim\u00e1rias","aterramento de cabine prim\u00e1ria","aumento de carga el\u00e9trica","cabine prim\u00e1ria","cabine prim\u00e1ria m\u00e9dia tens\u00e3o","como dimensionar uma cabine prim\u00e1ria?","como escolher empresa de projeto de cabine prim\u00e1ria?","como fazer aumento de carga em cabine prim\u00e1ria?","como funciona um projeto de cabine prim\u00e1ria?","como funciona uma cabine prim\u00e1ria?","diagrama unifilar cabine prim\u00e1ria","dimensionamento de cabine prim\u00e1ria","empresa de projeto de cabine prim\u00e1ria","execu\u00e7\u00e3o de cabine prim\u00e1ria","normas para cabine prim\u00e1ria","NR-10 cabine prim\u00e1ria","o que deve constar em um projeto de cabine prim\u00e1ria?","o que \u00e9 necess\u00e1rio para energizar uma cabine prim\u00e1ria?","o que \u00e9 projeto de cabine prim\u00e1ria?","projeto de cabine prim\u00e1ria","projeto de cabine prim\u00e1ria industrial","projeto de cabine prim\u00e1ria precisa de aprova\u00e7\u00e3o?","projeto de m\u00e9dia tens\u00e3o","projeto el\u00e9trico de cabine prim\u00e1ria","projeto el\u00e9trico industrial","prote\u00e7\u00e3o de m\u00e9dia tens\u00e3o","quais documentos s\u00e3o necess\u00e1rios para cabine prim\u00e1ria?","quais equipamentos fazem parte de uma cabine prim\u00e1ria?","quais normas devem ser consideradas em um projeto de cabine prim\u00e1ria?","quando adequar uma cabine prim\u00e1ria?","quando instalar uma cabine prim\u00e1ria?","quem pode fazer projeto de cabine prim\u00e1ria?","subesta\u00e7\u00e3o de entrada de energia"],"articleSection":["cabine prim\u00e1ria"],"inLanguage":"pt-BR","potentialAction":[{"@type":"CommentAction","name":"Comment","target":["https:\/\/www.rode-ti.com.br\/blog\/projeto-de-cabine-primaria-do-plano-a-execucao\/#respond"]}]},{"@type":"WebPage","@id":"https:\/\/www.rode-ti.com.br\/blog\/projeto-de-cabine-primaria-do-plano-a-execucao\/","url":"https:\/\/www.rode-ti.com.br\/blog\/projeto-de-cabine-primaria-do-plano-a-execucao\/","name":"Projeto de cabine prim\u00e1ria: como funciona do plano \u00e0 execu\u00e7\u00e3o - Blog","isPartOf":{"@id":"https:\/\/www.rode-ti.com.br\/blog\/#website"},"primaryImageOfPage":{"@id":"https:\/\/www.rode-ti.com.br\/blog\/projeto-de-cabine-primaria-do-plano-a-execucao\/#primaryimage"},"image":{"@id":"https:\/\/www.rode-ti.com.br\/blog\/projeto-de-cabine-primaria-do-plano-a-execucao\/#primaryimage"},"thumbnailUrl":"https:\/\/www.rode-ti.com.br\/blog\/wp-content\/uploads\/2026\/08\/ChatGPT-Image-19-de-ago.-de-2026-09_21_20.jpg","datePublished":"2026-08-19T12:20:15+00:00","dateModified":"2026-08-19T12:20:17+00:00","description":"Veja como funciona um projeto de cabine prim\u00e1ria, do dimensionamento e aprova\u00e7\u00e3o \u00e0 execu\u00e7\u00e3o, testes e energiza\u00e7\u00e3o.","breadcrumb":{"@id":"https:\/\/www.rode-ti.com.br\/blog\/projeto-de-cabine-primaria-do-plano-a-execucao\/#breadcrumb"},"inLanguage":"pt-BR","potentialAction":[{"@type":"ReadAction","target":["https:\/\/www.rode-ti.com.br\/blog\/projeto-de-cabine-primaria-do-plano-a-execucao\/"]}]},{"@type":"ImageObject","inLanguage":"pt-BR","@id":"https:\/\/www.rode-ti.com.br\/blog\/projeto-de-cabine-primaria-do-plano-a-execucao\/#primaryimage","url":"https:\/\/www.rode-ti.com.br\/blog\/wp-content\/uploads\/2026\/08\/ChatGPT-Image-19-de-ago.-de-2026-09_21_20.jpg","contentUrl":"https:\/\/www.rode-ti.com.br\/blog\/wp-content\/uploads\/2026\/08\/ChatGPT-Image-19-de-ago.-de-2026-09_21_20.jpg","width":836,"height":471,"caption":"Projeto de cabine prim\u00e1ria: como funciona do plano \u00e0 execu\u00e7\u00e3o"},{"@type":"BreadcrumbList","@id":"https:\/\/www.rode-ti.com.br\/blog\/projeto-de-cabine-primaria-do-plano-a-execucao\/#breadcrumb","itemListElement":[{"@type":"ListItem","position":1,"name":"In\u00edcio","item":"https:\/\/www.rode-ti.com.br\/blog\/"},{"@type":"ListItem","position":2,"name":"Projeto de cabine prim\u00e1ria: como funciona do plano \u00e0 execu\u00e7\u00e3o"}]},{"@type":"WebSite","@id":"https:\/\/www.rode-ti.com.br\/blog\/#website","url":"https:\/\/www.rode-ti.com.br\/blog\/","name":"Blog","description":"","publisher":{"@id":"https:\/\/www.rode-ti.com.br\/blog\/#organization"},"potentialAction":[{"@type":"SearchAction","target":{"@type":"EntryPoint","urlTemplate":"https:\/\/www.rode-ti.com.br\/blog\/?s={search_term_string}"},"query-input":{"@type":"PropertyValueSpecification","valueRequired":true,"valueName":"search_term_string"}}],"inLanguage":"pt-BR"},{"@type":"Organization","@id":"https:\/\/www.rode-ti.com.br\/blog\/#organization","name":"Blog","url":"https:\/\/www.rode-ti.com.br\/blog\/","logo":{"@type":"ImageObject","inLanguage":"pt-BR","@id":"https:\/\/www.rode-ti.com.br\/blog\/#\/schema\/logo\/image\/","url":"https:\/\/www.rode-ti.com.br\/blog\/wp-content\/uploads\/2026\/03\/logo.webp","contentUrl":"https:\/\/www.rode-ti.com.br\/blog\/wp-content\/uploads\/2026\/03\/logo.webp","width":500,"height":201,"caption":"Blog"},"image":{"@id":"https:\/\/www.rode-ti.com.br\/blog\/#\/schema\/logo\/image\/"}},{"@type":"Person","@id":"https:\/\/www.rode-ti.com.br\/blog\/#\/schema\/person\/63e114122492f352fb5a37bcb6bfda0d","name":"admin","image":{"@type":"ImageObject","inLanguage":"pt-BR","@id":"https:\/\/secure.gravatar.com\/avatar\/d2abb7e535a7590a6f9b76c75c90ec5441db3a04a205e6d66ecabfb80081f172?s=96&d=mm&r=g","url":"https:\/\/secure.gravatar.com\/avatar\/d2abb7e535a7590a6f9b76c75c90ec5441db3a04a205e6d66ecabfb80081f172?s=96&d=mm&r=g","contentUrl":"https:\/\/secure.gravatar.com\/avatar\/d2abb7e535a7590a6f9b76c75c90ec5441db3a04a205e6d66ecabfb80081f172?s=96&d=mm&r=g","caption":"admin"},"sameAs":["https:\/\/www.rode-ti.com.br\/blog"],"url":"https:\/\/www.rode-ti.com.br\/blog\/author\/admin\/"}]}},"_links":{"self":[{"href":"https:\/\/www.rode-ti.com.br\/blog\/wp-json\/wp\/v2\/posts\/3833","targetHints":{"allow":["GET"]}}],"collection":[{"href":"https:\/\/www.rode-ti.com.br\/blog\/wp-json\/wp\/v2\/posts"}],"about":[{"href":"https:\/\/www.rode-ti.com.br\/blog\/wp-json\/wp\/v2\/types\/post"}],"author":[{"embeddable":true,"href":"https:\/\/www.rode-ti.com.br\/blog\/wp-json\/wp\/v2\/users\/1"}],"replies":[{"embeddable":true,"href":"https:\/\/www.rode-ti.com.br\/blog\/wp-json\/wp\/v2\/comments?post=3833"}],"version-history":[{"count":1,"href":"https:\/\/www.rode-ti.com.br\/blog\/wp-json\/wp\/v2\/posts\/3833\/revisions"}],"predecessor-version":[{"id":3835,"href":"https:\/\/www.rode-ti.com.br\/blog\/wp-json\/wp\/v2\/posts\/3833\/revisions\/3835"}],"wp:featuredmedia":[{"embeddable":true,"href":"https:\/\/www.rode-ti.com.br\/blog\/wp-json\/wp\/v2\/media\/3834"}],"wp:attachment":[{"href":"https:\/\/www.rode-ti.com.br\/blog\/wp-json\/wp\/v2\/media?parent=3833"}],"wp:term":[{"taxonomy":"category","embeddable":true,"href":"https:\/\/www.rode-ti.com.br\/blog\/wp-json\/wp\/v2\/categories?post=3833"},{"taxonomy":"post_tag","embeddable":true,"href":"https:\/\/www.rode-ti.com.br\/blog\/wp-json\/wp\/v2\/tags?post=3833"}],"curies":[{"name":"wp","href":"https:\/\/api.w.org\/{rel}","templated":true}]}}